{"id":2809,"date":"2022-06-25T11:00:34","date_gmt":"2022-06-25T09:00:34","guid":{"rendered":"https:\/\/comeup.com\/experts\/?p=2809"},"modified":"2023-11-13T10:15:21","modified_gmt":"2023-11-13T09:15:21","slug":"reconversion-professionnelle-ce-quil-faut-savoir","status":"publish","type":"post","link":"https:\/\/comeup.com\/experts\/reconversion-professionnelle-ce-quil-faut-savoir\/","title":{"rendered":"Reconversion professionnelle : ce qu&rsquo;il faut savoir"},"content":{"rendered":"<p><span style=\"font-weight: 400;\">Selon une \u00e9tude men\u00e9e en 2019 par Visiplus academy, <\/span><b>49\u00a0% des actifs<\/b><span style=\"font-weight: 400;\"> sont concern\u00e9s par la <\/span><b>reconversion professionnelle\u2009<\/b><span style=\"font-weight: 400;\">! Qu\u2019ils y songent s\u00e9rieusement ou que le processus soit d\u00e9j\u00e0 engag\u00e9, pr\u00e8s de la moiti\u00e9 des Fran\u00e7ais souhaite un <\/span><b>nouvel avenir professionnel<\/b><span style=\"font-weight: 400;\">. Si cette envie \u00e9tait d\u00e9j\u00e0 pr\u00e9sente il y a quelques ann\u00e9es, la pand\u00e9mie de covid a acc\u00e9l\u00e9r\u00e9 cette soif de nouveaut\u00e9.\u00a0<\/span><span style=\"font-weight: 400;\">Vous vous sentez concern\u00e9\u2009? On vous explique tout\u2009!<\/span><\/p>\n<h2><b>Pourquoi se reconvertir\u2009?<\/b><\/h2>\n<p><span style=\"font-weight: 400;\">Les raisons sont diverses. Toutefois, la pand\u00e9mie semble r\u00e9v\u00e9ler une n\u00e9cessit\u00e9 de se concentrer sur nos <\/span><b>vraies pr\u00e9occupations<\/b><span style=\"font-weight: 400;\">. Sans surprise,<\/span><b> la vie de famille et l\u2019\u00e9panouissement personnel <\/b><span style=\"font-weight: 400;\">arrivent en t\u00eate de ces pr\u00e9occupations.<\/span><\/p>\n<p><span style=\"font-weight: 400;\">Le t\u00e9l\u00e9travail nous a permis de constater que la vie \u00e0 la maison reste au centre de nos priorit\u00e9s. Ce constat sans appel est un v\u00e9ritable \u00e9lectrochoc pour certains, qui n\u2019envisagent plus de retourner chaque jour au bureau.\u00a0<\/span><\/p>\n<p><span style=\"font-weight: 400;\">Le fondement de la reconversion est simple :<\/span><b> trouver un sens <\/b><span style=\"font-weight: 400;\">\u00e0 ce que l\u2019on fait\u2009! Lorsque se lever le matin pour se rendre au travail n\u2019a plus de sens, la reconversion devient salvatrice, indispensable.<\/span><\/p>\n<p><span style=\"font-weight: 400;\">\u00c9videmment, d\u2019autres facteurs entrent en jeu dans le besoin de reconversion\u00a0: ennui, naissance d\u2019un enfant, pression de la hi\u00e9rarchie, licenciement, probl\u00e8mes de sant\u00e9\u2026<\/span><\/p>\n<h2><b>Comment se reconvertir\u2009?<\/b><\/h2>\n<p><span style=\"font-weight: 400;\">Franchir le pas peut \u00eatre difficile, mais heureusement, des aides peuvent vous y aider.<\/span><\/p>\n<h3><span style=\"font-weight: 400;\">Les<\/span><span style=\"font-weight: 400;\"> diff\u00e9r<\/span><span style=\"font-weight: 400;\">entes<\/span><span style=\"font-weight: 400;\"> aides<\/span><\/h3>\n<ul>\n<li style=\"font-weight: 400;\" aria-level=\"1\"><span style=\"font-weight: 400;\">Le compte personnel de formation (CPF)<\/span><\/li>\n<\/ul>\n<p><span style=\"font-weight: 400;\">Vous ne savez pas vers quel domaine vous orienter ? Il est possible de demander un<\/span><b> bilan de comp\u00e9tences.<\/b><span style=\"font-weight: 400;\"> Si vous \u00eates fonctionnaire, vous pouvez pr\u00e9tendre \u00e0 cette introspection dans le cadre de votre CPF. Si vous \u00eates demandeur d\u2019emploi, il suffit de vous adresser \u00e0 P\u00f4le Emploi. Pour les travailleurs du secteur priv\u00e9, demandez conseil \u00e0 votre hi\u00e9rarchie.<\/span><\/p>\n<p><span style=\"font-weight: 400;\">Le CPF peut \u00e9galement financer (enti\u00e8rement ou en partie) <\/span><b>la formation<\/b><span style=\"font-weight: 400;\"> de votre futur m\u00e9tier.<\/span><\/p>\n<ul>\n<li style=\"font-weight: 400;\" aria-level=\"1\"><span style=\"font-weight: 400;\"><a href=\"https:\/\/www.pole-emploi.fr\/candidat\/en-formation\/les-dispositifs\/la-remuneration-des-formations-d.html\" target=\"_blank\" rel=\"noopener\">La r\u00e9mun\u00e9ration des formations de P\u00f4le Emploi<\/a> (RFPE)<\/span><\/li>\n<\/ul>\n<p><span style=\"font-weight: 400;\">Cette indemnit\u00e9 est vers\u00e9e par P\u00f4le Emploi et permet aux b\u00e9n\u00e9ficiaires d\u2019acc\u00e9der \u00e0 des <\/span><b>formations qualifiantes<\/b><span style=\"font-weight: 400;\">.<\/span><\/p>\n<ul>\n<li style=\"font-weight: 400;\" aria-level=\"1\"><span style=\"font-weight: 400;\">Le ch\u00e8que formation<\/span><\/li>\n<\/ul>\n<p><span style=\"font-weight: 400;\">Il est vers\u00e9 par le Conseil r\u00e9gional afin de suivre une formation professionnelle sanctionn\u00e9e par <\/span><b>un dipl\u00f4me<\/b><span style=\"font-weight: 400;\">.<\/span><\/p>\n<p><span style=\"font-weight: 400;\">Il existe de nombreuses aides \u00e0 la reconversion professionnelle, en fonction de votre statut au moment de la demande.<\/span><\/p>\n<h3><span style=\"font-weight: 400;\">Opportunit\u00e9s et difficult\u00e9s<\/span><\/h3>\n<p><span style=\"font-weight: 400;\">Il est parfois \u00e9vident qu\u2019un changement est vital, essentiel, mais il est plus difficile de trouver quoi faire.<\/span><\/p>\n<p><span style=\"font-weight: 400;\">Lorsque vous exercez un m\u00e9tier durant des ann\u00e9es, vous pouvez finir par croire que vous ne pouvez pas faire autre chose. \u201cJe n\u2019ai plus l\u2019\u00e2ge de me former\u201d, \u201cJe ne saurai pas faire cela\u201d, \u201cDe toute fa\u00e7on, je ne sais pas quoi faire\u201d\u2026 Les raisons pour ne pas se lancer sont nombreuses.<\/span><\/p>\n<p><span style=\"font-weight: 400;\">Saisissez les opportunit\u00e9s qui peuvent se pr\u00e9senter\u2009!\u00a0<\/span><\/p>\n<p><span style=\"font-weight: 400;\">Sachez \u00e9galement que les d\u00e9marches administratives peuvent \u00eatre de v\u00e9ritables parcours du combattant. Vous devez vous y pr\u00e9parer.\u00a0<\/span><\/p>\n<h2><b>Comment r\u00e9ussir sa reconversion\u2009?<\/b><\/h2>\n<p><span style=\"font-weight: 400;\">L\u2019\u00e9l\u00e9ment essentiel est <\/span><b>la pr\u00e9paration<\/b><span style=\"font-weight: 400;\">. Ne quittez pas tout sur un coup de t\u00eate\u2009!\u00a0<\/span><span style=\"font-weight: 400;\">Une reconversion doit \u00eatre <\/span><b>r\u00e9fl\u00e9chie et pr\u00e9par\u00e9e<\/b><span style=\"font-weight: 400;\">. Analysez si ce m\u00e9tier est vraiment fait pour vous, sur le long terme. Ce n\u2019est pas parce que vous avez ador\u00e9 ce petit week-end \u00e0 la campagne que vous \u00eates fait pour \u00eatre agriculteur.<\/span><\/p>\n<p><span style=\"font-weight: 400;\">Las de votre travail, il est possible de prendre de mauvaises d\u00e9cisions.<\/span><\/p>\n<p><span style=\"font-weight: 400;\">Faites-vous accompagner et posez-vous <\/span><b>les bonnes questions\u00a0<\/b><span style=\"font-weight: 400;\">:<\/span><\/p>\n<ul>\n<li style=\"font-weight: 400;\" aria-level=\"1\"><span style=\"font-weight: 400;\">Quel nouveau statut choisir\u2009?<\/span><\/li>\n<li style=\"font-weight: 400;\" aria-level=\"1\"><span style=\"font-weight: 400;\">Vous souhaitez \u00eatre autoentrepreneur\u00a0: quelles aides pouvez-vous demander ? \u00cates-vous pr\u00eat pour cela ?<\/span><\/li>\n<li style=\"font-weight: 400;\" aria-level=\"1\"><span style=\"font-weight: 400;\">Comment quitter votre travail actuel ? Demande de rupture conventionnelle de contrat, d\u00e9mission, cong\u00e9s sabbatiques\u2009?<\/span><\/li>\n<li style=\"font-weight: 400;\" aria-level=\"1\"><span style=\"font-weight: 400;\">Pourrez-vous assurer votre avenir financier\u2009?<\/span><\/li>\n<\/ul>\n<p><span style=\"font-weight: 400;\">La bonne pr\u00e9paration de votre reconversion est l\u2019\u00e9lastique indispensable le jour o\u00f9 vous ferez le grand saut\u2009!<\/span><\/p>\n<p><a href=\"https:\/\/comeup.com\/devenez-vendeur\/?utm_source=blog&amp;utm_medium=article&amp;utm_campaign=art25062022reconversion\" target=\"_blank\" rel=\"noopener\"><img loading=\"lazy\" decoding=\"async\" class=\"wp-image-3005 aligncenter\" src=\"https:\/\/comeup.com\/experts\/wp-content\/uploads\/2022\/07\/Baseline-Vendeur-2-300x67.png\" alt=\"Offrez-vous votre ind\u00e9pendant professionnelle sur ComeUp\" width=\"931\" height=\"208\" srcset=\"https:\/\/comeup.com\/experts\/wp-content\/uploads\/2022\/07\/Baseline-Vendeur-2-300x67.png 300w, https:\/\/comeup.com\/experts\/wp-content\/uploads\/2022\/07\/Baseline-Vendeur-2-1024x229.png 1024w, https:\/\/comeup.com\/experts\/wp-content\/uploads\/2022\/07\/Baseline-Vendeur-2-768x172.png 768w, https:\/\/comeup.com\/experts\/wp-content\/uploads\/2022\/07\/Baseline-Vendeur-2.png 1340w\" sizes=\"auto, (max-width: 931px) 100vw, 931px\" \/><\/a><\/p>\n","protected":false},"excerpt":{"rendered":"<p>Selon une \u00e9tude men\u00e9e en 2019 par Visiplus academy, 49\u00a0% des actifs sont concern\u00e9s par la reconversion professionnelle\u2009! Qu\u2019ils y&hellip;<\/p>\n","protected":false},"author":64,"featured_media":3425,"comment_status":"closed","ping_status":"closed","sticky":false,"template":"","format":"standard","meta":{"_monsterinsights_skip_tracking":false,"_monsterinsights_sitenote_active":false,"_monsterinsights_sitenote_note":"","_monsterinsights_sitenote_category":0,"_jetpack_memberships_contains_paid_content":false,"footnotes":""},"categories":[859,5],"tags":[],"class_list":["post-2809","post","type-post","status-publish","format-standard","has-post-thumbnail","hentry","category-articles-blog-pour-les-vendeurs-comeup","category-conseils-et-astuces"],"yoast_head":"<!-- This site is optimized with the Yoast SEO plugin v25.3.1 - https:\/\/yoast.com\/wordpress\/plugins\/seo\/ -->\n<title>Reconversion professionnelle : \u00e0 savoir | Experts ComeUp<\/title>\n<meta name=\"description\" content=\"Qu\u2019ils y songent s\u00e9rieusement ou que le processus soit engag\u00e9, pr\u00e8s de la moiti\u00e9 des Fran\u00e7ais souhaite une reconversion professionnelle.\" \/>\n<meta name=\"robots\" content=\"index, follow, max-snippet:-1, max-image-preview:large, max-video-preview:-1\" \/>\n<link rel=\"canonical\" href=\"https:\/\/comeup.com\/experts\/reconversion-professionnelle-ce-quil-faut-savoir\/\" \/>\n<meta property=\"og:locale\" content=\"fr_FR\" \/>\n<meta property=\"og:type\" content=\"article\" \/>\n<meta property=\"og:title\" content=\"Reconversion professionnelle : \u00e0 savoir | Experts ComeUp\" \/>\n<meta property=\"og:description\" content=\"Qu\u2019ils y songent s\u00e9rieusement ou que le processus soit engag\u00e9, pr\u00e8s de la moiti\u00e9 des Fran\u00e7ais souhaite une reconversion professionnelle.\" \/>\n<meta property=\"og:url\" content=\"https:\/\/comeup.com\/experts\/reconversion-professionnelle-ce-quil-faut-savoir\/\" \/>\n<meta property=\"og:site_name\" content=\"Experts ComeUp\" \/>\n<meta property=\"article:published_time\" content=\"2022-06-25T09:00:34+00:00\" \/>\n<meta property=\"article:modified_time\" content=\"2023-11-13T09:15:21+00:00\" \/>\n<meta property=\"og:image\" content=\"https:\/\/comeup.com\/experts\/wp-content\/uploads\/2022\/05\/11.jpg\" \/>\n\t<meta property=\"og:image:width\" content=\"1448\" \/>\n\t<meta property=\"og:image:height\" content=\"752\" \/>\n\t<meta property=\"og:image:type\" content=\"image\/jpeg\" \/>\n<meta name=\"author\" content=\"alexandrineredac\" \/>\n<meta name=\"twitter:card\" content=\"summary_large_image\" \/>\n<meta name=\"twitter:label1\" content=\"\u00c9crit par\" \/>\n\t<meta name=\"twitter:data1\" content=\"alexandrineredac\" \/>\n\t<meta name=\"twitter:label2\" content=\"Dur\u00e9e de lecture estim\u00e9e\" \/>\n\t<meta name=\"twitter:data2\" content=\"4 minutes\" \/>\n<script type=\"application\/ld+json\" class=\"yoast-schema-graph\">{\"@context\":\"https:\/\/schema.org\",\"@graph\":[{\"@type\":\"Article\",\"@id\":\"https:\/\/comeup.com\/experts\/reconversion-professionnelle-ce-quil-faut-savoir\/#article\",\"isPartOf\":{\"@id\":\"https:\/\/comeup.com\/experts\/reconversion-professionnelle-ce-quil-faut-savoir\/\"},\"author\":{\"name\":\"alexandrineredac\",\"@id\":\"https:\/\/comeup.com\/experts\/#\/schema\/person\/f4e8d718b5fe9537438d387a64ccd6ab\"},\"headline\":\"Reconversion professionnelle : ce qu&rsquo;il faut savoir\",\"datePublished\":\"2022-06-25T09:00:34+00:00\",\"dateModified\":\"2023-11-13T09:15:21+00:00\",\"mainEntityOfPage\":{\"@id\":\"https:\/\/comeup.com\/experts\/reconversion-professionnelle-ce-quil-faut-savoir\/\"},\"wordCount\":670,\"publisher\":{\"@id\":\"https:\/\/comeup.com\/experts\/#organization\"},\"image\":{\"@id\":\"https:\/\/comeup.com\/experts\/reconversion-professionnelle-ce-quil-faut-savoir\/#primaryimage\"},\"thumbnailUrl\":\"https:\/\/comeup.com\/experts\/wp-content\/uploads\/2022\/05\/11.jpg\",\"articleSection\":[\"Articles pour les freelances\",\"Conseils et astuces\"],\"inLanguage\":\"fr-FR\"},{\"@type\":\"WebPage\",\"@id\":\"https:\/\/comeup.com\/experts\/reconversion-professionnelle-ce-quil-faut-savoir\/\",\"url\":\"https:\/\/comeup.com\/experts\/reconversion-professionnelle-ce-quil-faut-savoir\/\",\"name\":\"Reconversion professionnelle : \u00e0 savoir | Experts ComeUp\",\"isPartOf\":{\"@id\":\"https:\/\/comeup.com\/experts\/#website\"},\"primaryImageOfPage\":{\"@id\":\"https:\/\/comeup.com\/experts\/reconversion-professionnelle-ce-quil-faut-savoir\/#primaryimage\"},\"image\":{\"@id\":\"https:\/\/comeup.com\/experts\/reconversion-professionnelle-ce-quil-faut-savoir\/#primaryimage\"},\"thumbnailUrl\":\"https:\/\/comeup.com\/experts\/wp-content\/uploads\/2022\/05\/11.jpg\",\"datePublished\":\"2022-06-25T09:00:34+00:00\",\"dateModified\":\"2023-11-13T09:15:21+00:00\",\"description\":\"Qu\u2019ils y songent s\u00e9rieusement ou que le processus soit engag\u00e9, pr\u00e8s de la moiti\u00e9 des Fran\u00e7ais souhaite une reconversion professionnelle.\",\"breadcrumb\":{\"@id\":\"https:\/\/comeup.com\/experts\/reconversion-professionnelle-ce-quil-faut-savoir\/#breadcrumb\"},\"inLanguage\":\"fr-FR\",\"potentialAction\":[{\"@type\":\"ReadAction\",\"target\":[\"https:\/\/comeup.com\/experts\/reconversion-professionnelle-ce-quil-faut-savoir\/\"]}]},{\"@type\":\"ImageObject\",\"inLanguage\":\"fr-FR\",\"@id\":\"https:\/\/comeup.com\/experts\/reconversion-professionnelle-ce-quil-faut-savoir\/#primaryimage\",\"url\":\"https:\/\/comeup.com\/experts\/wp-content\/uploads\/2022\/05\/11.jpg\",\"contentUrl\":\"https:\/\/comeup.com\/experts\/wp-content\/uploads\/2022\/05\/11.jpg\",\"width\":1448,\"height\":752,\"caption\":\"Reconversion professionnelle : ce qu'il faut savoir\"},{\"@type\":\"BreadcrumbList\",\"@id\":\"https:\/\/comeup.com\/experts\/reconversion-professionnelle-ce-quil-faut-savoir\/#breadcrumb\",\"itemListElement\":[{\"@type\":\"ListItem\",\"position\":1,\"name\":\"Accueil\",\"item\":\"https:\/\/comeup.com\/experts\/\"},{\"@type\":\"ListItem\",\"position\":2,\"name\":\"Reconversion professionnelle : ce qu&rsquo;il faut savoir\"}]},{\"@type\":\"WebSite\",\"@id\":\"https:\/\/comeup.com\/experts\/#website\",\"url\":\"https:\/\/comeup.com\/experts\/\",\"name\":\"Experts ComeUp\",\"description\":\"Retrouvez toute l&#039;expertise de nos sp\u00e9cialistes\",\"publisher\":{\"@id\":\"https:\/\/comeup.com\/experts\/#organization\"},\"potentialAction\":[{\"@type\":\"SearchAction\",\"target\":{\"@type\":\"EntryPoint\",\"urlTemplate\":\"https:\/\/comeup.com\/experts\/?s={search_term_string}\"},\"query-input\":{\"@type\":\"PropertyValueSpecification\",\"valueRequired\":true,\"valueName\":\"search_term_string\"}}],\"inLanguage\":\"fr-FR\"},{\"@type\":\"Organization\",\"@id\":\"https:\/\/comeup.com\/experts\/#organization\",\"name\":\"Experts ComeUp\",\"url\":\"https:\/\/comeup.com\/experts\/\",\"logo\":{\"@type\":\"ImageObject\",\"inLanguage\":\"fr-FR\",\"@id\":\"https:\/\/comeup.com\/experts\/#\/schema\/logo\/image\/\",\"url\":\"https:\/\/comeup.com\/experts\/wp-content\/uploads\/2022\/10\/Sans-titre-2.png\",\"contentUrl\":\"https:\/\/comeup.com\/experts\/wp-content\/uploads\/2022\/10\/Sans-titre-2.png\",\"width\":1080,\"height\":1080,\"caption\":\"Experts ComeUp\"},\"image\":{\"@id\":\"https:\/\/comeup.com\/experts\/#\/schema\/logo\/image\/\"}},{\"@type\":\"Person\",\"@id\":\"https:\/\/comeup.com\/experts\/#\/schema\/person\/f4e8d718b5fe9537438d387a64ccd6ab\",\"name\":\"alexandrineredac\",\"image\":{\"@type\":\"ImageObject\",\"inLanguage\":\"fr-FR\",\"@id\":\"https:\/\/comeup.com\/experts\/#\/schema\/person\/image\/\",\"url\":\"https:\/\/comeup.com\/experts\/wp-content\/uploads\/2022\/06\/3195424f-c5fe-4d96-ba8e-fd104fe8c6ba-150x150.jpg\",\"contentUrl\":\"https:\/\/comeup.com\/experts\/wp-content\/uploads\/2022\/06\/3195424f-c5fe-4d96-ba8e-fd104fe8c6ba-150x150.jpg\",\"caption\":\"alexandrineredac\"},\"description\":\"Je vous propose aujourd\u2019hui un service de r\u00e9daction d\u2019articles de qualit\u00e9 et de fiches produits. Infirmi\u00e8re reconvertie dans la r\u00e9daction web, je r\u00e9dige \u00e9galement des articles sp\u00e9cialis\u00e9s en sant\u00e9.\u00a0Venez me rendre visite\u2009!\u00a0\u00c0 tout de suite\u2026\",\"sameAs\":[\"https:\/\/comeup.com\/profil\/alexandrineredac\"],\"url\":\"https:\/\/comeup.com\/experts\/author\/alexandrineredac\/\"}]}<\/script>\n<!-- \/ Yoast SEO plugin. -->","yoast_head_json":{"title":"Reconversion professionnelle : \u00e0 savoir | Experts ComeUp","description":"Qu\u2019ils y songent s\u00e9rieusement ou que le processus soit engag\u00e9, pr\u00e8s de la moiti\u00e9 des Fran\u00e7ais souhaite une reconversion professionnelle.","robots":{"index":"index","follow":"follow","max-snippet":"max-snippet:-1","max-image-preview":"max-image-preview:large","max-video-preview":"max-video-preview:-1"},"canonical":"https:\/\/comeup.com\/experts\/reconversion-professionnelle-ce-quil-faut-savoir\/","og_locale":"fr_FR","og_type":"article","og_title":"Reconversion professionnelle : \u00e0 savoir | Experts ComeUp","og_description":"Qu\u2019ils y songent s\u00e9rieusement ou que le processus soit engag\u00e9, pr\u00e8s de la moiti\u00e9 des Fran\u00e7ais souhaite une reconversion professionnelle.","og_url":"https:\/\/comeup.com\/experts\/reconversion-professionnelle-ce-quil-faut-savoir\/","og_site_name":"Experts ComeUp","article_published_time":"2022-06-25T09:00:34+00:00","article_modified_time":"2023-11-13T09:15:21+00:00","og_image":[{"width":1448,"height":752,"url":"https:\/\/comeup.com\/experts\/wp-content\/uploads\/2022\/05\/11.jpg","type":"image\/jpeg"}],"author":"alexandrineredac","twitter_card":"summary_large_image","twitter_misc":{"\u00c9crit par":"alexandrineredac","Dur\u00e9e de lecture estim\u00e9e":"4 minutes"},"schema":{"@context":"https:\/\/schema.org","@graph":[{"@type":"Article","@id":"https:\/\/comeup.com\/experts\/reconversion-professionnelle-ce-quil-faut-savoir\/#article","isPartOf":{"@id":"https:\/\/comeup.com\/experts\/reconversion-professionnelle-ce-quil-faut-savoir\/"},"author":{"name":"alexandrineredac","@id":"https:\/\/comeup.com\/experts\/#\/schema\/person\/f4e8d718b5fe9537438d387a64ccd6ab"},"headline":"Reconversion professionnelle : ce qu&rsquo;il faut savoir","datePublished":"2022-06-25T09:00:34+00:00","dateModified":"2023-11-13T09:15:21+00:00","mainEntityOfPage":{"@id":"https:\/\/comeup.com\/experts\/reconversion-professionnelle-ce-quil-faut-savoir\/"},"wordCount":670,"publisher":{"@id":"https:\/\/comeup.com\/experts\/#organization"},"image":{"@id":"https:\/\/comeup.com\/experts\/reconversion-professionnelle-ce-quil-faut-savoir\/#primaryimage"},"thumbnailUrl":"https:\/\/comeup.com\/experts\/wp-content\/uploads\/2022\/05\/11.jpg","articleSection":["Articles pour les freelances","Conseils et astuces"],"inLanguage":"fr-FR"},{"@type":"WebPage","@id":"https:\/\/comeup.com\/experts\/reconversion-professionnelle-ce-quil-faut-savoir\/","url":"https:\/\/comeup.com\/experts\/reconversion-professionnelle-ce-quil-faut-savoir\/","name":"Reconversion professionnelle : \u00e0 savoir | Experts ComeUp","isPartOf":{"@id":"https:\/\/comeup.com\/experts\/#website"},"primaryImageOfPage":{"@id":"https:\/\/comeup.com\/experts\/reconversion-professionnelle-ce-quil-faut-savoir\/#primaryimage"},"image":{"@id":"https:\/\/comeup.com\/experts\/reconversion-professionnelle-ce-quil-faut-savoir\/#primaryimage"},"thumbnailUrl":"https:\/\/comeup.com\/experts\/wp-content\/uploads\/2022\/05\/11.jpg","datePublished":"2022-06-25T09:00:34+00:00","dateModified":"2023-11-13T09:15:21+00:00","description":"Qu\u2019ils y songent s\u00e9rieusement ou que le processus soit engag\u00e9, pr\u00e8s de la moiti\u00e9 des Fran\u00e7ais souhaite une reconversion professionnelle.","breadcrumb":{"@id":"https:\/\/comeup.com\/experts\/reconversion-professionnelle-ce-quil-faut-savoir\/#breadcrumb"},"inLanguage":"fr-FR","potentialAction":[{"@type":"ReadAction","target":["https:\/\/comeup.com\/experts\/reconversion-professionnelle-ce-quil-faut-savoir\/"]}]},{"@type":"ImageObject","inLanguage":"fr-FR","@id":"https:\/\/comeup.com\/experts\/reconversion-professionnelle-ce-quil-faut-savoir\/#primaryimage","url":"https:\/\/comeup.com\/experts\/wp-content\/uploads\/2022\/05\/11.jpg","contentUrl":"https:\/\/comeup.com\/experts\/wp-content\/uploads\/2022\/05\/11.jpg","width":1448,"height":752,"caption":"Reconversion professionnelle : ce qu'il faut savoir"},{"@type":"BreadcrumbList","@id":"https:\/\/comeup.com\/experts\/reconversion-professionnelle-ce-quil-faut-savoir\/#breadcrumb","itemListElement":[{"@type":"ListItem","position":1,"name":"Accueil","item":"https:\/\/comeup.com\/experts\/"},{"@type":"ListItem","position":2,"name":"Reconversion professionnelle : ce qu&rsquo;il faut savoir"}]},{"@type":"WebSite","@id":"https:\/\/comeup.com\/experts\/#website","url":"https:\/\/comeup.com\/experts\/","name":"Experts ComeUp","description":"Retrouvez toute l&#039;expertise de nos sp\u00e9cialistes","publisher":{"@id":"https:\/\/comeup.com\/experts\/#organization"},"potentialAction":[{"@type":"SearchAction","target":{"@type":"EntryPoint","urlTemplate":"https:\/\/comeup.com\/experts\/?s={search_term_string}"},"query-input":{"@type":"PropertyValueSpecification","valueRequired":true,"valueName":"search_term_string"}}],"inLanguage":"fr-FR"},{"@type":"Organization","@id":"https:\/\/comeup.com\/experts\/#organization","name":"Experts ComeUp","url":"https:\/\/comeup.com\/experts\/","logo":{"@type":"ImageObject","inLanguage":"fr-FR","@id":"https:\/\/comeup.com\/experts\/#\/schema\/logo\/image\/","url":"https:\/\/comeup.com\/experts\/wp-content\/uploads\/2022\/10\/Sans-titre-2.png","contentUrl":"https:\/\/comeup.com\/experts\/wp-content\/uploads\/2022\/10\/Sans-titre-2.png","width":1080,"height":1080,"caption":"Experts ComeUp"},"image":{"@id":"https:\/\/comeup.com\/experts\/#\/schema\/logo\/image\/"}},{"@type":"Person","@id":"https:\/\/comeup.com\/experts\/#\/schema\/person\/f4e8d718b5fe9537438d387a64ccd6ab","name":"alexandrineredac","image":{"@type":"ImageObject","inLanguage":"fr-FR","@id":"https:\/\/comeup.com\/experts\/#\/schema\/person\/image\/","url":"https:\/\/comeup.com\/experts\/wp-content\/uploads\/2022\/06\/3195424f-c5fe-4d96-ba8e-fd104fe8c6ba-150x150.jpg","contentUrl":"https:\/\/comeup.com\/experts\/wp-content\/uploads\/2022\/06\/3195424f-c5fe-4d96-ba8e-fd104fe8c6ba-150x150.jpg","caption":"alexandrineredac"},"description":"Je vous propose aujourd\u2019hui un service de r\u00e9daction d\u2019articles de qualit\u00e9 et de fiches produits. Infirmi\u00e8re reconvertie dans la r\u00e9daction web, je r\u00e9dige \u00e9galement des articles sp\u00e9cialis\u00e9s en sant\u00e9.\u00a0Venez me rendre visite\u2009!\u00a0\u00c0 tout de suite\u2026","sameAs":["https:\/\/comeup.com\/profil\/alexandrineredac"],"url":"https:\/\/comeup.com\/experts\/author\/alexandrineredac\/"}]}},"jetpack_featured_media_url":"https:\/\/comeup.com\/experts\/wp-content\/uploads\/2022\/05\/11.jpg","jetpack_sharing_enabled":true,"_links":{"self":[{"href":"https:\/\/comeup.com\/experts\/wp-json\/wp\/v2\/posts\/2809","targetHints":{"allow":["GET"]}}],"collection":[{"href":"https:\/\/comeup.com\/experts\/wp-json\/wp\/v2\/posts"}],"about":[{"href":"https:\/\/comeup.com\/experts\/wp-json\/wp\/v2\/types\/post"}],"author":[{"embeddable":true,"href":"https:\/\/comeup.com\/experts\/wp-json\/wp\/v2\/users\/64"}],"replies":[{"embeddable":true,"href":"https:\/\/comeup.com\/experts\/wp-json\/wp\/v2\/comments?post=2809"}],"version-history":[{"count":4,"href":"https:\/\/comeup.com\/experts\/wp-json\/wp\/v2\/posts\/2809\/revisions"}],"predecessor-version":[{"id":3443,"href":"https:\/\/comeup.com\/experts\/wp-json\/wp\/v2\/posts\/2809\/revisions\/3443"}],"wp:featuredmedia":[{"embeddable":true,"href":"https:\/\/comeup.com\/experts\/wp-json\/wp\/v2\/media\/3425"}],"wp:attachment":[{"href":"https:\/\/comeup.com\/experts\/wp-json\/wp\/v2\/media?parent=2809"}],"wp:term":[{"taxonomy":"category","embeddable":true,"href":"https:\/\/comeup.com\/experts\/wp-json\/wp\/v2\/categories?post=2809"},{"taxonomy":"post_tag","embeddable":true,"href":"https:\/\/comeup.com\/experts\/wp-json\/wp\/v2\/tags?post=2809"}],"curies":[{"name":"wp","href":"https:\/\/api.w.org\/{rel}","templated":true}]}}