{"id":646,"date":"2019-08-24T11:00:53","date_gmt":"2019-08-24T09:00:53","guid":{"rendered":"https:\/\/comeup.com\/experts\/?p=646"},"modified":"2023-11-13T11:24:38","modified_gmt":"2023-11-13T10:24:38","slug":"auto-entrepreneurs-comment-declarer-vos-revenus","status":"publish","type":"post","link":"https:\/\/comeup.com\/experts\/auto-entrepreneurs-comment-declarer-vos-revenus\/","title":{"rendered":"Auto-Entrepreneurs : Comment d\u00e9clarer vos revenus"},"content":{"rendered":"<p><span style=\"font-weight: 400;\">Le r\u00e9gime de la micro-entreprise (anciennement appel\u00e9 auto-entreprise) implique certaines <\/span><a href=\"https:\/\/www.mon-autoentreprise.fr\/comptabilite-auto-entrepreneur\/\" target=\"_blank\" rel=\"noopener\"><span style=\"font-weight: 400;\">obligations comptables<\/span><\/a><span style=\"font-weight: 400;\">, administratives et d\u00e9claratives, m\u00eame si celles-ci sont relativement limit\u00e9es. Aussi, il vous faudra d\u00e9clarer vos revenus d\u2019auto-entrepreneur afin de payer les cotisations sociales et imp\u00f4ts li\u00e9s \u00e0 l\u2019activit\u00e9.<\/span><\/p>\n<p><span style=\"font-weight: 400;\">Ce r\u00e9gime est l\u2019un des plus simple pour se lancer dans l\u2019entrepreneuriat, en raison de ses <\/span><span style=\"font-weight: 400;\">nombreux avantages<\/span><span style=\"font-weight: 400;\">. Parmi eux, les d\u00e9clarations de chiffre d\u2019affaires mensuelles ou trimestrielles pour payer les cotisations sociales. Mais aussi la d\u00e9claration annuelle de revenus pour le paiement de l\u2019imp\u00f4t sur le revenu.<\/span><\/p>\n<h2><span style=\"font-weight: 400;\">Que faut-il d\u00e9clarer en tant qu\u2019auto-entrepreneur ?<\/span><\/h2>\n<p><span style=\"font-weight: 400;\">En tant qu&rsquo;auto-entrepreneur, vous devez toujours d\u00e9clarer votre chiffre <strong>d&rsquo;affaires encaiss\u00e9<\/strong>. Que ce soit pour ses <\/span><b>d\u00e9clarations de chiffre d\u2019affaires mensuelles ou trimestrielles<\/b><span style=\"font-weight: 400;\"> ou pour ses <\/span><b>d\u00e9clarations d\u2019imp\u00f4t annuelles.\u00a0<\/b><span style=\"font-weight: 400;\">Le <\/span><b style=\"font-size: 1.25rem;\">chiffre d\u2019affaires<\/b><span style=\"font-weight: 400;\"> correspond \u00e0 la <\/span><b style=\"font-size: 1.25rem;\">somme de l\u2019ensemble des recettes encaiss\u00e9es<\/b><span style=\"font-weight: 400;\"> sur la p\u00e9riode concern\u00e9e. Il est important de <\/span><b style=\"font-size: 1.25rem;\">ne pas le confondre avec le r\u00e9sultat. <\/b>Ce dernier<span style=\"font-weight: 400;\">\u00a0peut \u00eatre positif (b\u00e9n\u00e9fice) ou n\u00e9gatif (perte), et correspond \u00e0 l\u2019ensemble des recettes encaiss\u00e9es auxquelles on soustrait <\/span><b>les diff\u00e9rentes charges et frais professionnels<\/b><span style=\"font-weight: 400;\"> (achat de marchandises, d\u2019outillages, abonnements divers, etc.).<\/span><\/p>\n<p><span style=\"font-weight: 400;\">En raison de la simplification maximale accord\u00e9e \u00e0 ce r\u00e9gime, les auto-entrepreneurs <\/span><b>ne peuvent pas d\u00e9duire leurs charges<\/b><span style=\"font-weight: 400;\"> de leurs chiffres d\u2019affaires pour calculer le b\u00e9n\u00e9fice.<\/span><\/p>\n<p><span style=\"font-weight: 400;\">Ils doivent toujours <\/span><b>d\u00e9clarer le chiffre d\u2019affaires hors taxes<\/b><span style=\"font-weight: 400;\"> lorsqu\u2019il s\u2019agit de d\u00e9clarer leurs revenus. D\u2019o\u00f9 l\u2019importance d\u2019essayer de <\/span><b>r\u00e9duire au maximum les diff\u00e9rentes charges<\/b><span style=\"font-weight: 400;\"> et frais professionnels !<\/span><\/p>\n<p><span style=\"font-weight: 400;\">De plus, l\u2019auto-entrepreneur doit d\u00e9clarer le chiffre d\u2019affaires <\/span><b>effectivement encaiss\u00e9<\/b><span style=\"font-weight: 400;\">. En effet, si l\u2019auto-entrepreneur envoie sa facture au mois de juin mais que le client le paye en juillet, il devra alors d\u00e9clarer cette recette non pas en juin mais bien en juillet, lorsque le paiement a \u00e9t\u00e9 re\u00e7u : on parle d\u2019une <\/span><b>comptabilit\u00e9 de tr\u00e9sorerie<\/b><span style=\"font-weight: 400;\">.<\/span><\/p>\n<p><b>Important : les auto-entrepreneurs ne peuvent pas d\u00e9duire leurs charges. Ainsi, si vous passez par une plateforme comme <\/b><a href=\"http:\/\/comeup.com\/devenez-vendeur?utm_source=article&amp;utm_medium=blog&amp;utm_campaign=art240819d%C3%A9clarerrevenus\" target=\"_blank\" rel=\"noopener\"><b>ComeUp<\/b><\/a><b> vous d\u00e9clarez le montant entier de votre prestation. En effet, c&rsquo;est le client qui paye la commission de la plateforme et non vous en tant que vendeur. <em>Si vous proposez un service \u00e0 5 \u20ac, la plateforme vous reversera alors 4 \u20ac. C&rsquo;est ce que vous devez d\u00e9clarer.<\/em>\u00a0<\/b><\/p>\n<h2><span style=\"font-weight: 400;\">Les d\u00e9clarations de chiffre d\u2019affaires mensuelles ou trimestrielles<\/span><\/h2>\n<p><span style=\"font-weight: 400;\">Une fois votre micro-entreprise cr\u00e9\u00e9e, <\/span><b>vous devrez d\u00e9clarer, chaque mois ou chaque trimestre, votre chiffre d\u2019affaires afin de payer vos cotisations sociales<\/b><span style=\"font-weight: 400;\">. Ces cotisations sont calcul\u00e9es sur votre chiffre d\u2019affaires en y appliquant un pourcentage, qui varie en fonction des activit\u00e9s exerc\u00e9es dans votre auto-entreprise. Ces d\u00e9clarations doivent \u00eatre faites <\/span><b>en ligne<\/b><span style=\"font-weight: 400;\">, sur le <\/span><a href=\"https:\/\/www.autoentrepreneur.urssaf.fr\/\" target=\"_blank\" rel=\"nofollow noopener\"><b>portail officiel des auto-entrepreneurs<\/b><\/a><span style=\"font-weight: 400;\">.<\/span><\/p>\n<h3><span style=\"font-weight: 400;\">Comment faire ses d\u00e9clarations de chiffre d\u2019affaires mensuelles ou trimestrielles ?<\/span><\/h3>\n<p><span style=\"font-weight: 400;\">Depuis le 1er janvier 2019, il est devenu obligatoire de faire ses d\u00e9clarations de CA auto-entrepreneur <\/span><b>en ligne<\/b><span style=\"font-weight: 400;\">, sur le <\/span><b>portail de l\u2019URSSAF<\/b><span style=\"font-weight: 400;\">.<\/span><\/p>\n<p><span style=\"font-weight: 400;\">Vous devrez donc <\/span><b>cr\u00e9er votre espace sur le site de l\u2019URSSAF<\/b><span style=\"font-weight: 400;\"> apr\u00e8s avoir re\u00e7u votre num\u00e9ro SIRET, afin de pouvoir d\u00e9clarer, chaque mois ou chaque trimestre, le chiffre d\u2019affaires encaiss\u00e9 sur la p\u00e9riode pr\u00e9c\u00e9dente.<\/span><\/p>\n<p><span style=\"font-weight: 400;\">Il vous suffira ensuite de vous connecter puis d\u2019aller sur votre espace personnel dans la rubrique <\/span><i><span style=\"font-weight: 400;\">\u201cMon auto-entreprise au quotidien &gt; D\u00e9clarer et payer &gt; Mon \u00e9ch\u00e9ance en cours\u201d<\/span><\/i><span style=\"font-weight: 400;\"> pour acc\u00e9der au formulaire de d\u00e9claration de votre chiffre d\u2019affaires.<\/span><\/p>\n<p><span style=\"font-weight: 400;\">Vous pouvez \u00e9galement utiliser un <\/span><a href=\"https:\/\/www.mon-autoentreprise.fr\/gerer-mon-auto-entreprise\/\" target=\"_blank\" rel=\"noopener\"><b>logiciel de gestion comme celui de Mon-AutoEntreprise.fr<\/b><\/a><span style=\"font-weight: 400;\"> qui vous permettra, en plus de faire vos devis et factures, de tenir automatiquement \u00e0 jour vos livres de comptes et d\u2019<\/span><b>automatiser vos d\u00e9clarations de chiffre d\u2019affaires<\/b><span style=\"font-weight: 400;\">.<\/span><\/p>\n<p><b>Attention ! Vous ne pourrez pas cr\u00e9er votre compte sur le site de l&rsquo;URSSAF tout de suite. Il faudra attendre un minimum de 30 jours apr\u00e8s r\u00e9ception de votre num\u00e9ro SIRET. N&rsquo;essayez pas de vous inscrire trop t\u00f4t. Vous aurez un message d\u2019erreur vous indiquant que vous avez fait votre demande avec des informations d\u2019inscription non valides.<\/b><\/p>\n<p><img loading=\"lazy\" decoding=\"async\" class=\" wp-image-647 aligncenter\" src=\"https:\/\/comeup.com\/experts\/wp-content\/uploads\/2019\/08\/Inscription-avec-des-informations-non-valides-URSSAF-300x151.jpeg\" alt=\"\" width=\"684\" height=\"344\" srcset=\"https:\/\/comeup.com\/experts\/wp-content\/uploads\/2019\/08\/Inscription-avec-des-informations-non-valides-URSSAF-300x151.jpeg 300w, https:\/\/comeup.com\/experts\/wp-content\/uploads\/2019\/08\/Inscription-avec-des-informations-non-valides-URSSAF-768x387.jpeg 768w, https:\/\/comeup.com\/experts\/wp-content\/uploads\/2019\/08\/Inscription-avec-des-informations-non-valides-URSSAF-1024x516.jpeg 1024w, https:\/\/comeup.com\/experts\/wp-content\/uploads\/2019\/08\/Inscription-avec-des-informations-non-valides-URSSAF.jpeg 1440w\" sizes=\"auto, (max-width: 684px) 100vw, 684px\" \/><\/p>\n<p style=\"text-align: center;\"><i><span style=\"font-weight: 400;\">Capture d\u2019\u00e9cran du site autoentrepreneur.urssaf.fr : message d\u2019erreur si vous essayez de cr\u00e9er votre compte trop t\u00f4t<\/span><\/i><\/p>\n<h3><span style=\"font-weight: 400;\">Quand faire ses d\u00e9clarations de CA auto-entrepreneur<\/span> ?<\/h3>\n<p><span style=\"font-weight: 400;\">Il convient de distinguer <\/span><b>2 cas<\/b><span style=\"font-weight: 400;\"> : les auto-entrepreneurs ayant choisi des <\/span><b>d\u00e9clarations mensuelles<\/b><span style=\"font-weight: 400;\"> et ceux qui ont opt\u00e9 pour des <\/span><b>d\u00e9clarations trimestrielles<\/b><span style=\"font-weight: 400;\">. <strong>L<\/strong><\/span><b>a 1\u00e8re d\u00e9claration de chiffre d\u2019affaires se fera dans des conditions sp\u00e9cifiques<\/b><span style=\"font-weight: 400;\">, quelque soit la p\u00e9riodicit\u00e9 choisie.<\/span><\/p>\n<h4><span style=\"font-weight: 400;\">Quand faire sa premi\u00e8re d\u00e9claration de chiffre d\u2019affaires ?<\/span><\/h4>\n<p><b>La premi\u00e8re d\u00e9claration de CA intervient apr\u00e8s un minimum de 90 jours d\u2019activit\u00e9<\/b><span style=\"font-weight: 400;\"> apr\u00e8s la cr\u00e9ation de votre micro-entreprise. M\u00eame si vous optez pour des d\u00e9clarations mensuelles, votre premi\u00e8re d\u00e9claration ne se fera pas le mois suivant votre cr\u00e9ation d\u2019entreprise.<\/span><\/p>\n<p><span style=\"font-weight: 400;\">Ce d\u00e9lai permet tout simplement aux diff\u00e9rentes administrations de se mettre \u00e0 jour suite \u00e0 votre cr\u00e9ation d\u2019auto-entreprise.<\/span><\/p>\n<h4><span style=\"font-weight: 400;\">Quand faire les d\u00e9clarations suivantes ?<\/span><\/h4>\n<p><span style=\"font-weight: 400;\">Une fois la 1\u00e8re d\u00e9claration faite, <\/span><b>les d\u00e9clarations suivantes se font selon la p\u00e9riodicit\u00e9 choisie par l\u2019auto-entrepreneur<\/b><span style=\"font-weight: 400;\"> : tous les mois ou tous les trimestres.<\/span><\/p>\n<p><span style=\"font-weight: 400;\">Quels sont les taux de cotisations sociales des auto-entrepreneurs ?<\/span><\/p>\n<p><span style=\"font-weight: 400;\">Les cotisations sociales des auto-entrepreneurs sont calcul\u00e9es en appliquant au chiffre d\u2019affaires un <\/span><b>pourcentage correspondant au taux de cotisations sociales<\/b><span style=\"font-weight: 400;\"> \u00e0 payer. Ces taux varient en fonction des activit\u00e9s exerc\u00e9es :<\/span><\/p>\n<p>&nbsp;<\/p>\n<ul>\n<li><b>Activit\u00e9s de ventes et assimil\u00e9es : 12,8% du CA<\/b><\/li>\n<\/ul>\n<ul>\n<li>Pour les activit\u00e9s de prestations de services : 22% du CA<\/li>\n<\/ul>\n<ul>\n<li>Activit\u00e9s lib\u00e9rales : 22% du CA<\/li>\n<\/ul>\n<p>&nbsp;<\/p>\n<p><span style=\"font-weight: 400;\">Si vous b\u00e9n\u00e9ficiez de <\/span><b>l\u2019ACRE pour votre micro-entreprise<\/b><span style=\"font-weight: 400;\">, ces taux seront <\/span><b>r\u00e9duits pendant les 3 premi\u00e8res ann\u00e9es<\/b><span style=\"font-weight: 400;\"> d\u2019activit\u00e9.<\/span><\/p>\n<p><span style=\"font-weight: 400;\">\u00c0 ces taux de cotisations sociales, il convient d\u2019ajouter \u00e9galement les autres taxes et contributions calcul\u00e9es selon un pourcentage du chiffre d\u2019affaires : la <\/span><b>contribution \u00e0 la formation professionnelle<\/b><span style=\"font-weight: 400;\">, la <\/span><b>taxe pour frais de chambre consulaire<\/b><span style=\"font-weight: 400;\"> et \u00e9ventuellement le <\/span><b>versement fiscal lib\u00e9ratoire de l\u2019imp\u00f4t<\/b><span style=\"font-weight: 400;\"> pour les auto-entrepreneurs ayant choisi cette option.<\/span><\/p>\n<p><span style=\"font-weight: 400;\">Pour en savoir plus sur les diff\u00e9rentes charges des auto-entrepreneurs, <\/span><a href=\"https:\/\/www.mon-autoentreprise.fr\/charges-auto-entrepreneur\/\" target=\"_blank\" rel=\"noopener\"><b>cliquez ici<\/b><\/a><span style=\"font-weight: 400;\">.<\/span><\/p>\n<h3><span style=\"font-weight: 400;\">Comment payer ses cotisations sociales d\u2019auto-entrepreneur ?<\/span><\/h3>\n<p><span style=\"font-weight: 400;\">Vous avez <\/span><b>2 possibilit\u00e9s<\/b><span style=\"font-weight: 400;\"> pour le paiement de vos cotisations sociales :<\/span><\/p>\n<ul>\n<li style=\"font-weight: 400;\"><b>Par carte bancaire :<\/b><span style=\"font-weight: 400;\"> il faudra renseigner votre carte bancaire \u00e0 chaque d\u00e9claration et le paiement sera imm\u00e9diat ;<\/span><\/li>\n<li style=\"font-weight: 400;\"><b>Par t\u00e9l\u00e9paiement :<\/b><span style=\"font-weight: 400;\"> vous devrez enregistrer votre compte bancaire et valider le mandat de pr\u00e9l\u00e8vement \u00e0 votre banque, le paiement se fait automatiquement \u00e0 l\u2019\u00e9ch\u00e9ance (le dernier jour du mois de d\u00e9claration).<\/span><\/li>\n<\/ul>\n<p><b>Important : vous devez d\u00e9clarer votre chiffre d\u2019affaires m\u00eame s\u2019il est \u00e9gal \u00e0 0 \u20ac ! L&rsquo;absence de d\u00e9claration ou un retard peut entra\u00eener une p\u00e9nalit\u00e9 de 50 \u20ac. Et ce, par d\u00e9claration manquante ou en retard. Si vous n\u2019avez pas fait de CA, d\u00e9clarez donc 0 \u20ac : vous n\u2019aurez pas de cotisations minimales \u00e0 payer.<\/b><\/p>\n<h2><span style=\"font-weight: 400;\">Les d\u00e9clarations d\u2019imp\u00f4t sur le revenu des auto-entrepreneurs<\/span><\/h2>\n<p><span style=\"font-weight: 400;\">En plus des d\u00e9clarations mensuelles ou trimestrielles, <\/span><b>les auto-entrepreneurs devront d\u00e9clarer chaque ann\u00e9e, entre avril et juin, leur chiffre d\u2019affaires<\/b><span style=\"font-weight: 400;\"> de l\u2019ann\u00e9e pr\u00e9c\u00e9dente dans leur d\u00e9claration d\u2019imp\u00f4t sur le revenu de particulier.<\/span><\/p>\n<p><span style=\"font-weight: 400;\">Cette d\u00e9claration est <\/span><b>obligatoire, m\u00eame pour les auto-entrepreneurs ayant opt\u00e9 pour le versement fiscal lib\u00e9ratoire<\/b><span style=\"font-weight: 400;\"> de l\u2019imp\u00f4t sur le revenu.<\/span><\/p>\n<p><span style=\"font-weight: 400;\">L\u2019auto-entrepreneur devra donc, chaque ann\u00e9e, joindre un <\/span><b>feuillet compl\u00e9mentaire \u00e0 la d\u00e9claration de revenu de son foyer fiscal<\/b><span style=\"font-weight: 400;\">. En effet, il devra d\u00e9clarer son chiffre d\u2019affaires encaiss\u00e9 au cours de l\u2019ann\u00e9e dans le <\/span><a href=\"https:\/\/www.impots.gouv.fr\/portail\/formulaire\/2042\/declaration-des-revenus\" target=\"_blank\" rel=\"nofollow noopener\"><b>formulaire 2042-C-PRO<\/b><\/a><span style=\"font-weight: 400;\">.<\/span><\/p>\n<p><span style=\"font-weight: 400;\">Encore une fois, il s\u2019agira de d\u00e9clarer l\u2019ensemble du CA encaiss\u00e9 l\u2019ann\u00e9e pr\u00e9c\u00e9dente, <\/span><b>sans pouvoir d\u00e9duire les charges<\/b><span style=\"font-weight: 400;\">.<\/span><\/p>\n<p><span style=\"font-weight: 400;\">Les auto-entrepreneurs sont donc<\/span><b> soumis \u00e0 l\u2019Imp\u00f4t sur le Revenu (IR)<\/b><span style=\"font-weight: 400;\"> et non \u00e0 l\u2019Imp\u00f4t sur les Soci\u00e9t\u00e9s (IS). Le CA g\u00e9n\u00e9r\u00e9 avec l\u2019auto-entreprise s\u2019ajoute aux autres revenus du foyer fiscal pour calculer le montant de l\u2019imp\u00f4t du foyer.<\/span><\/p>\n<p><span style=\"font-weight: 400;\">Pour pallier \u00e0 l\u2019impossibilit\u00e9 de d\u00e9duire les charges li\u00e9es \u00e0 l\u2019activit\u00e9 du chiffre d\u2019affaires, l\u2019administration fiscale appliquera un <\/span><b>abattement forfaitaire pour frais professionnels<\/b><span style=\"font-weight: 400;\"> afin de diminuer le montant de chiffre d\u2019affaires entrant dans le revenu imposable. Ces abattements sont <\/span><b>effectu\u00e9s par l\u2019administration fiscale<\/b><span style=\"font-weight: 400;\"> (vous d\u00e9clarez donc votre CA avant abattement) et varient en fonction du type d\u2019activit\u00e9 :<\/span><\/p>\n<ul>\n<li><b>Activit\u00e9s de ventes et assimil\u00e9es : 71% d\u2019abattement<\/b><\/li>\n<\/ul>\n<ul>\n<li>Activit\u00e9s de prestations de services : 50% d\u2019abattement<\/li>\n<li>Pour les activit\u00e9s lib\u00e9rales : 34% d\u2019abattement<\/li>\n<\/ul>\n<p><span style=\"font-weight: 400;\">Cela signifie donc que <\/span><b>seule la partie restante de votre CA sera prise en compte dans le revenu imposable<\/b><span style=\"font-weight: 400;\"> du foyer, soit :<\/span><\/p>\n<ul>\n<li><b>29% du CA pour les activit\u00e9s de ventes et assimil\u00e9es<\/b><\/li>\n<\/ul>\n<ul>\n<li>50% du CA pour les activit\u00e9s de prestations de services<\/li>\n<li>66% du CA pour les activit\u00e9s lib\u00e9rales<\/li>\n<\/ul>\n<p><span style=\"font-weight: 400;\">Pour en savoir plus sur la d\u00e9claration d\u2019imp\u00f4t en micro-entreprise, il vous suffit de <\/span><a href=\"https:\/\/www.mon-autoentreprise.fr\/declaration-impot-autoentrepreneur-2019\/\" target=\"_blank\" rel=\"noopener\"><b>cliquer sur ce lien<\/b><\/a><span style=\"font-weight: 400;\">.<\/span><\/p>\n<p><a href=\"https:\/\/comeup.com\/recherche?q=relation+presse&amp;utm_source=blog&amp;utm_medium=article&amp;utm_campaign=art24082019declaration-revenus-autoentreprise\" target=\"_blank\" rel=\"noopener\"><img loading=\"lazy\" decoding=\"async\" class=\"alignnone wp-image-3008\" src=\"https:\/\/comeup.com\/experts\/wp-content\/uploads\/2022\/04\/Baseline-Vendeur-1-300x67.png\" alt=\"Proposez vos prestations sur ComeUp !\" width=\"1325\" height=\"296\" srcset=\"https:\/\/comeup.com\/experts\/wp-content\/uploads\/2022\/04\/Baseline-Vendeur-1-300x67.png 300w, https:\/\/comeup.com\/experts\/wp-content\/uploads\/2022\/04\/Baseline-Vendeur-1-1024x229.png 1024w, https:\/\/comeup.com\/experts\/wp-content\/uploads\/2022\/04\/Baseline-Vendeur-1-768x172.png 768w, https:\/\/comeup.com\/experts\/wp-content\/uploads\/2022\/04\/Baseline-Vendeur-1.png 1340w\" sizes=\"auto, (max-width: 1325px) 100vw, 1325px\" \/><\/a><\/p>\n","protected":false},"excerpt":{"rendered":"<p>Le r\u00e9gime de la micro-entreprise (anciennement appel\u00e9 auto-entreprise) implique certaines obligations comptables, administratives et d\u00e9claratives, m\u00eame si celles-ci sont relativement&hellip;<\/p>\n","protected":false},"author":20,"featured_media":3054,"comment_status":"closed","ping_status":"closed","sticky":false,"template":"","format":"standard","meta":{"_monsterinsights_skip_tracking":false,"_monsterinsights_sitenote_active":false,"_monsterinsights_sitenote_note":"","_monsterinsights_sitenote_category":0,"_jetpack_memberships_contains_paid_content":false,"footnotes":""},"categories":[859,5],"tags":[38,23],"class_list":["post-646","post","type-post","status-publish","format-standard","has-post-thumbnail","hentry","category-articles-blog-pour-les-vendeurs-comeup","category-conseils-et-astuces","tag-freelance","tag-gestion"],"yoast_head":"<!-- This site is optimized with the Yoast SEO plugin v25.3.1 - https:\/\/yoast.com\/wordpress\/plugins\/seo\/ -->\n<title>D\u00e9clarer ses revenus d&#039;auto-entrepreneur | Experts ComeUp<\/title>\n<meta name=\"description\" content=\"Le r\u00e9gime ind\u00e9pendant implique des obligations comptables et administratives. On vous aide \u00e0 comprendre comment d\u00e9clarer ses revenus d&#039;auto-entrepreneur.\" \/>\n<meta name=\"robots\" content=\"index, follow, max-snippet:-1, max-image-preview:large, max-video-preview:-1\" \/>\n<link rel=\"canonical\" href=\"https:\/\/comeup.com\/experts\/auto-entrepreneurs-comment-declarer-vos-revenus\/\" \/>\n<meta property=\"og:locale\" content=\"fr_FR\" \/>\n<meta property=\"og:type\" content=\"article\" \/>\n<meta property=\"og:title\" content=\"D\u00e9clarer ses revenus d&#039;auto-entrepreneur | Experts ComeUp\" \/>\n<meta property=\"og:description\" content=\"Le r\u00e9gime ind\u00e9pendant implique des obligations comptables et administratives. On vous aide \u00e0 comprendre comment d\u00e9clarer ses revenus d&#039;auto-entrepreneur.\" \/>\n<meta property=\"og:url\" content=\"https:\/\/comeup.com\/experts\/auto-entrepreneurs-comment-declarer-vos-revenus\/\" \/>\n<meta property=\"og:site_name\" content=\"Experts ComeUp\" \/>\n<meta property=\"article:published_time\" content=\"2019-08-24T09:00:53+00:00\" \/>\n<meta property=\"article:modified_time\" content=\"2023-11-13T10:24:38+00:00\" \/>\n<meta property=\"og:image\" content=\"https:\/\/comeup.com\/experts\/wp-content\/uploads\/2019\/08\/10.jpg\" \/>\n\t<meta property=\"og:image:width\" content=\"1448\" \/>\n\t<meta property=\"og:image:height\" content=\"752\" \/>\n\t<meta property=\"og:image:type\" content=\"image\/jpeg\" \/>\n<meta name=\"author\" content=\"Mon-AutoEntreprise.fr\" \/>\n<meta name=\"twitter:card\" content=\"summary_large_image\" \/>\n<meta name=\"twitter:label1\" content=\"\u00c9crit par\" \/>\n\t<meta name=\"twitter:data1\" content=\"Mon-AutoEntreprise.fr\" \/>\n\t<meta name=\"twitter:label2\" content=\"Dur\u00e9e de lecture estim\u00e9e\" \/>\n\t<meta name=\"twitter:data2\" content=\"8 minutes\" \/>\n<script type=\"application\/ld+json\" class=\"yoast-schema-graph\">{\"@context\":\"https:\/\/schema.org\",\"@graph\":[{\"@type\":\"Article\",\"@id\":\"https:\/\/comeup.com\/experts\/auto-entrepreneurs-comment-declarer-vos-revenus\/#article\",\"isPartOf\":{\"@id\":\"https:\/\/comeup.com\/experts\/auto-entrepreneurs-comment-declarer-vos-revenus\/\"},\"author\":{\"name\":\"Mon-AutoEntreprise.fr\",\"@id\":\"https:\/\/comeup.com\/experts\/#\/schema\/person\/038517faa0b70b6e345efeec68a0e140\"},\"headline\":\"Auto-Entrepreneurs : Comment d\u00e9clarer vos revenus\",\"datePublished\":\"2019-08-24T09:00:53+00:00\",\"dateModified\":\"2023-11-13T10:24:38+00:00\",\"mainEntityOfPage\":{\"@id\":\"https:\/\/comeup.com\/experts\/auto-entrepreneurs-comment-declarer-vos-revenus\/\"},\"wordCount\":1563,\"publisher\":{\"@id\":\"https:\/\/comeup.com\/experts\/#organization\"},\"image\":{\"@id\":\"https:\/\/comeup.com\/experts\/auto-entrepreneurs-comment-declarer-vos-revenus\/#primaryimage\"},\"thumbnailUrl\":\"https:\/\/comeup.com\/experts\/wp-content\/uploads\/2019\/08\/10.jpg\",\"keywords\":[\"freelance\",\"gestion\"],\"articleSection\":[\"Articles pour les freelances\",\"Conseils et astuces\"],\"inLanguage\":\"fr-FR\"},{\"@type\":\"WebPage\",\"@id\":\"https:\/\/comeup.com\/experts\/auto-entrepreneurs-comment-declarer-vos-revenus\/\",\"url\":\"https:\/\/comeup.com\/experts\/auto-entrepreneurs-comment-declarer-vos-revenus\/\",\"name\":\"D\u00e9clarer ses revenus d'auto-entrepreneur | Experts ComeUp\",\"isPartOf\":{\"@id\":\"https:\/\/comeup.com\/experts\/#website\"},\"primaryImageOfPage\":{\"@id\":\"https:\/\/comeup.com\/experts\/auto-entrepreneurs-comment-declarer-vos-revenus\/#primaryimage\"},\"image\":{\"@id\":\"https:\/\/comeup.com\/experts\/auto-entrepreneurs-comment-declarer-vos-revenus\/#primaryimage\"},\"thumbnailUrl\":\"https:\/\/comeup.com\/experts\/wp-content\/uploads\/2019\/08\/10.jpg\",\"datePublished\":\"2019-08-24T09:00:53+00:00\",\"dateModified\":\"2023-11-13T10:24:38+00:00\",\"description\":\"Le r\u00e9gime ind\u00e9pendant implique des obligations comptables et administratives. On vous aide \u00e0 comprendre comment d\u00e9clarer ses revenus d'auto-entrepreneur.\",\"breadcrumb\":{\"@id\":\"https:\/\/comeup.com\/experts\/auto-entrepreneurs-comment-declarer-vos-revenus\/#breadcrumb\"},\"inLanguage\":\"fr-FR\",\"potentialAction\":[{\"@type\":\"ReadAction\",\"target\":[\"https:\/\/comeup.com\/experts\/auto-entrepreneurs-comment-declarer-vos-revenus\/\"]}]},{\"@type\":\"ImageObject\",\"inLanguage\":\"fr-FR\",\"@id\":\"https:\/\/comeup.com\/experts\/auto-entrepreneurs-comment-declarer-vos-revenus\/#primaryimage\",\"url\":\"https:\/\/comeup.com\/experts\/wp-content\/uploads\/2019\/08\/10.jpg\",\"contentUrl\":\"https:\/\/comeup.com\/experts\/wp-content\/uploads\/2019\/08\/10.jpg\",\"width\":1448,\"height\":752,\"caption\":\"Auto-entrepreneur : comment d\u00e9clarer ses revenus ?\"},{\"@type\":\"BreadcrumbList\",\"@id\":\"https:\/\/comeup.com\/experts\/auto-entrepreneurs-comment-declarer-vos-revenus\/#breadcrumb\",\"itemListElement\":[{\"@type\":\"ListItem\",\"position\":1,\"name\":\"Accueil\",\"item\":\"https:\/\/comeup.com\/experts\/\"},{\"@type\":\"ListItem\",\"position\":2,\"name\":\"Auto-Entrepreneurs : Comment d\u00e9clarer vos revenus\"}]},{\"@type\":\"WebSite\",\"@id\":\"https:\/\/comeup.com\/experts\/#website\",\"url\":\"https:\/\/comeup.com\/experts\/\",\"name\":\"Experts ComeUp\",\"description\":\"Retrouvez toute l&#039;expertise de nos sp\u00e9cialistes\",\"publisher\":{\"@id\":\"https:\/\/comeup.com\/experts\/#organization\"},\"potentialAction\":[{\"@type\":\"SearchAction\",\"target\":{\"@type\":\"EntryPoint\",\"urlTemplate\":\"https:\/\/comeup.com\/experts\/?s={search_term_string}\"},\"query-input\":{\"@type\":\"PropertyValueSpecification\",\"valueRequired\":true,\"valueName\":\"search_term_string\"}}],\"inLanguage\":\"fr-FR\"},{\"@type\":\"Organization\",\"@id\":\"https:\/\/comeup.com\/experts\/#organization\",\"name\":\"Experts ComeUp\",\"url\":\"https:\/\/comeup.com\/experts\/\",\"logo\":{\"@type\":\"ImageObject\",\"inLanguage\":\"fr-FR\",\"@id\":\"https:\/\/comeup.com\/experts\/#\/schema\/logo\/image\/\",\"url\":\"https:\/\/comeup.com\/experts\/wp-content\/uploads\/2022\/10\/Sans-titre-2.png\",\"contentUrl\":\"https:\/\/comeup.com\/experts\/wp-content\/uploads\/2022\/10\/Sans-titre-2.png\",\"width\":1080,\"height\":1080,\"caption\":\"Experts ComeUp\"},\"image\":{\"@id\":\"https:\/\/comeup.com\/experts\/#\/schema\/logo\/image\/\"}},{\"@type\":\"Person\",\"@id\":\"https:\/\/comeup.com\/experts\/#\/schema\/person\/038517faa0b70b6e345efeec68a0e140\",\"name\":\"Mon-AutoEntreprise.fr\",\"image\":{\"@type\":\"ImageObject\",\"inLanguage\":\"fr-FR\",\"@id\":\"https:\/\/comeup.com\/experts\/#\/schema\/person\/image\/\",\"url\":\"https:\/\/comeup.com\/experts\/wp-content\/uploads\/2019\/08\/Logo-Mon-AutoEntreprise.fr-carre\u0301-158px-150x150.png\",\"contentUrl\":\"https:\/\/comeup.com\/experts\/wp-content\/uploads\/2019\/08\/Logo-Mon-AutoEntreprise.fr-carre\u0301-158px-150x150.png\",\"caption\":\"Mon-AutoEntreprise.fr\"},\"description\":\"Mon-AutoEntreprise.fr est le partenaire n\u00b01 des auto-entrepreneurs. La plateforme propose une offre de services 100% en ligne pour simplifier le quotidien des auto-entrepreneurs, de la cr\u00e9ation de l\u2019entreprise \u00e0 sa fermeture, en passant par la gestion et le d\u00e9veloppement de l\u2019activit\u00e9. Mon-AutoEntreprise.fr a d\u00e9velopp\u00e9 le 1er logiciel de gestion intelligent sp\u00e9cialement con\u00e7u pour automatiser l\u2019administratif, la comptabilit\u00e9 et les d\u00e9clarations obligatoires des auto-entrepreneurs.\",\"sameAs\":[\"http:\/\/bit.ly\/31Yqt5z\"],\"url\":\"https:\/\/comeup.com\/experts\/author\/mon-autoentreprise-fr\/\"}]}<\/script>\n<!-- \/ Yoast SEO plugin. -->","yoast_head_json":{"title":"D\u00e9clarer ses revenus d'auto-entrepreneur | Experts ComeUp","description":"Le r\u00e9gime ind\u00e9pendant implique des obligations comptables et administratives. On vous aide \u00e0 comprendre comment d\u00e9clarer ses revenus d'auto-entrepreneur.","robots":{"index":"index","follow":"follow","max-snippet":"max-snippet:-1","max-image-preview":"max-image-preview:large","max-video-preview":"max-video-preview:-1"},"canonical":"https:\/\/comeup.com\/experts\/auto-entrepreneurs-comment-declarer-vos-revenus\/","og_locale":"fr_FR","og_type":"article","og_title":"D\u00e9clarer ses revenus d'auto-entrepreneur | Experts ComeUp","og_description":"Le r\u00e9gime ind\u00e9pendant implique des obligations comptables et administratives. On vous aide \u00e0 comprendre comment d\u00e9clarer ses revenus d'auto-entrepreneur.","og_url":"https:\/\/comeup.com\/experts\/auto-entrepreneurs-comment-declarer-vos-revenus\/","og_site_name":"Experts ComeUp","article_published_time":"2019-08-24T09:00:53+00:00","article_modified_time":"2023-11-13T10:24:38+00:00","og_image":[{"width":1448,"height":752,"url":"https:\/\/comeup.com\/experts\/wp-content\/uploads\/2019\/08\/10.jpg","type":"image\/jpeg"}],"author":"Mon-AutoEntreprise.fr","twitter_card":"summary_large_image","twitter_misc":{"\u00c9crit par":"Mon-AutoEntreprise.fr","Dur\u00e9e de lecture estim\u00e9e":"8 minutes"},"schema":{"@context":"https:\/\/schema.org","@graph":[{"@type":"Article","@id":"https:\/\/comeup.com\/experts\/auto-entrepreneurs-comment-declarer-vos-revenus\/#article","isPartOf":{"@id":"https:\/\/comeup.com\/experts\/auto-entrepreneurs-comment-declarer-vos-revenus\/"},"author":{"name":"Mon-AutoEntreprise.fr","@id":"https:\/\/comeup.com\/experts\/#\/schema\/person\/038517faa0b70b6e345efeec68a0e140"},"headline":"Auto-Entrepreneurs : Comment d\u00e9clarer vos revenus","datePublished":"2019-08-24T09:00:53+00:00","dateModified":"2023-11-13T10:24:38+00:00","mainEntityOfPage":{"@id":"https:\/\/comeup.com\/experts\/auto-entrepreneurs-comment-declarer-vos-revenus\/"},"wordCount":1563,"publisher":{"@id":"https:\/\/comeup.com\/experts\/#organization"},"image":{"@id":"https:\/\/comeup.com\/experts\/auto-entrepreneurs-comment-declarer-vos-revenus\/#primaryimage"},"thumbnailUrl":"https:\/\/comeup.com\/experts\/wp-content\/uploads\/2019\/08\/10.jpg","keywords":["freelance","gestion"],"articleSection":["Articles pour les freelances","Conseils et astuces"],"inLanguage":"fr-FR"},{"@type":"WebPage","@id":"https:\/\/comeup.com\/experts\/auto-entrepreneurs-comment-declarer-vos-revenus\/","url":"https:\/\/comeup.com\/experts\/auto-entrepreneurs-comment-declarer-vos-revenus\/","name":"D\u00e9clarer ses revenus d'auto-entrepreneur | Experts ComeUp","isPartOf":{"@id":"https:\/\/comeup.com\/experts\/#website"},"primaryImageOfPage":{"@id":"https:\/\/comeup.com\/experts\/auto-entrepreneurs-comment-declarer-vos-revenus\/#primaryimage"},"image":{"@id":"https:\/\/comeup.com\/experts\/auto-entrepreneurs-comment-declarer-vos-revenus\/#primaryimage"},"thumbnailUrl":"https:\/\/comeup.com\/experts\/wp-content\/uploads\/2019\/08\/10.jpg","datePublished":"2019-08-24T09:00:53+00:00","dateModified":"2023-11-13T10:24:38+00:00","description":"Le r\u00e9gime ind\u00e9pendant implique des obligations comptables et administratives. On vous aide \u00e0 comprendre comment d\u00e9clarer ses revenus d'auto-entrepreneur.","breadcrumb":{"@id":"https:\/\/comeup.com\/experts\/auto-entrepreneurs-comment-declarer-vos-revenus\/#breadcrumb"},"inLanguage":"fr-FR","potentialAction":[{"@type":"ReadAction","target":["https:\/\/comeup.com\/experts\/auto-entrepreneurs-comment-declarer-vos-revenus\/"]}]},{"@type":"ImageObject","inLanguage":"fr-FR","@id":"https:\/\/comeup.com\/experts\/auto-entrepreneurs-comment-declarer-vos-revenus\/#primaryimage","url":"https:\/\/comeup.com\/experts\/wp-content\/uploads\/2019\/08\/10.jpg","contentUrl":"https:\/\/comeup.com\/experts\/wp-content\/uploads\/2019\/08\/10.jpg","width":1448,"height":752,"caption":"Auto-entrepreneur : comment d\u00e9clarer ses revenus ?"},{"@type":"BreadcrumbList","@id":"https:\/\/comeup.com\/experts\/auto-entrepreneurs-comment-declarer-vos-revenus\/#breadcrumb","itemListElement":[{"@type":"ListItem","position":1,"name":"Accueil","item":"https:\/\/comeup.com\/experts\/"},{"@type":"ListItem","position":2,"name":"Auto-Entrepreneurs : Comment d\u00e9clarer vos revenus"}]},{"@type":"WebSite","@id":"https:\/\/comeup.com\/experts\/#website","url":"https:\/\/comeup.com\/experts\/","name":"Experts ComeUp","description":"Retrouvez toute l&#039;expertise de nos sp\u00e9cialistes","publisher":{"@id":"https:\/\/comeup.com\/experts\/#organization"},"potentialAction":[{"@type":"SearchAction","target":{"@type":"EntryPoint","urlTemplate":"https:\/\/comeup.com\/experts\/?s={search_term_string}"},"query-input":{"@type":"PropertyValueSpecification","valueRequired":true,"valueName":"search_term_string"}}],"inLanguage":"fr-FR"},{"@type":"Organization","@id":"https:\/\/comeup.com\/experts\/#organization","name":"Experts ComeUp","url":"https:\/\/comeup.com\/experts\/","logo":{"@type":"ImageObject","inLanguage":"fr-FR","@id":"https:\/\/comeup.com\/experts\/#\/schema\/logo\/image\/","url":"https:\/\/comeup.com\/experts\/wp-content\/uploads\/2022\/10\/Sans-titre-2.png","contentUrl":"https:\/\/comeup.com\/experts\/wp-content\/uploads\/2022\/10\/Sans-titre-2.png","width":1080,"height":1080,"caption":"Experts ComeUp"},"image":{"@id":"https:\/\/comeup.com\/experts\/#\/schema\/logo\/image\/"}},{"@type":"Person","@id":"https:\/\/comeup.com\/experts\/#\/schema\/person\/038517faa0b70b6e345efeec68a0e140","name":"Mon-AutoEntreprise.fr","image":{"@type":"ImageObject","inLanguage":"fr-FR","@id":"https:\/\/comeup.com\/experts\/#\/schema\/person\/image\/","url":"https:\/\/comeup.com\/experts\/wp-content\/uploads\/2019\/08\/Logo-Mon-AutoEntreprise.fr-carre\u0301-158px-150x150.png","contentUrl":"https:\/\/comeup.com\/experts\/wp-content\/uploads\/2019\/08\/Logo-Mon-AutoEntreprise.fr-carre\u0301-158px-150x150.png","caption":"Mon-AutoEntreprise.fr"},"description":"Mon-AutoEntreprise.fr est le partenaire n\u00b01 des auto-entrepreneurs. La plateforme propose une offre de services 100% en ligne pour simplifier le quotidien des auto-entrepreneurs, de la cr\u00e9ation de l\u2019entreprise \u00e0 sa fermeture, en passant par la gestion et le d\u00e9veloppement de l\u2019activit\u00e9. Mon-AutoEntreprise.fr a d\u00e9velopp\u00e9 le 1er logiciel de gestion intelligent sp\u00e9cialement con\u00e7u pour automatiser l\u2019administratif, la comptabilit\u00e9 et les d\u00e9clarations obligatoires des auto-entrepreneurs.","sameAs":["http:\/\/bit.ly\/31Yqt5z"],"url":"https:\/\/comeup.com\/experts\/author\/mon-autoentreprise-fr\/"}]}},"jetpack_featured_media_url":"https:\/\/comeup.com\/experts\/wp-content\/uploads\/2019\/08\/10.jpg","jetpack_sharing_enabled":true,"_links":{"self":[{"href":"https:\/\/comeup.com\/experts\/wp-json\/wp\/v2\/posts\/646","targetHints":{"allow":["GET"]}}],"collection":[{"href":"https:\/\/comeup.com\/experts\/wp-json\/wp\/v2\/posts"}],"about":[{"href":"https:\/\/comeup.com\/experts\/wp-json\/wp\/v2\/types\/post"}],"author":[{"embeddable":true,"href":"https:\/\/comeup.com\/experts\/wp-json\/wp\/v2\/users\/20"}],"replies":[{"embeddable":true,"href":"https:\/\/comeup.com\/experts\/wp-json\/wp\/v2\/comments?post=646"}],"version-history":[{"count":5,"href":"https:\/\/comeup.com\/experts\/wp-json\/wp\/v2\/posts\/646\/revisions"}],"predecessor-version":[{"id":3111,"href":"https:\/\/comeup.com\/experts\/wp-json\/wp\/v2\/posts\/646\/revisions\/3111"}],"wp:featuredmedia":[{"embeddable":true,"href":"https:\/\/comeup.com\/experts\/wp-json\/wp\/v2\/media\/3054"}],"wp:attachment":[{"href":"https:\/\/comeup.com\/experts\/wp-json\/wp\/v2\/media?parent=646"}],"wp:term":[{"taxonomy":"category","embeddable":true,"href":"https:\/\/comeup.com\/experts\/wp-json\/wp\/v2\/categories?post=646"},{"taxonomy":"post_tag","embeddable":true,"href":"https:\/\/comeup.com\/experts\/wp-json\/wp\/v2\/tags?post=646"}],"curies":[{"name":"wp","href":"https:\/\/api.w.org\/{rel}","templated":true}]}}